{"id":1602,"date":"2020-08-12T11:42:28","date_gmt":"2020-08-12T10:42:28","guid":{"rendered":"https:\/\/www.cyclaigoual-vtt-route.com\/?p=1602"},"modified":"2020-08-12T11:42:29","modified_gmt":"2020-08-12T10:42:29","slug":"courses-toujours-maintenues","status":"publish","type":"post","link":"https:\/\/www.cyclaigoual-vtt-route.com\/index.php\/2020\/08\/12\/courses-toujours-maintenues\/","title":{"rendered":"Courses toujours maintenues"},"content":{"rendered":"\n<p>Nous disions donc, que tous les feux \u00e9taient au vert concernant la <a href=\"https:\/\/www.facebook.com\/events\/2324895827803623\/?__cft__[0]=AZVk8tq5JxR5iecVKLEN_2ucgIkEshBPo6QWIwzvg9_jlauCWoIo84eglZyz5bUpOQQzNbUXL3aTTX3aP0xJssIOoy2mp7ae6YmoDuVxnw3fjWuQqRO1RCgedGTibIo9VndCseFxqo6LahKh98WVSN8A28sPUaEllB_kZxnGRVw-uA&amp;__tn__=-UK-R\">Cyclo &amp; Vtt Aigoual &#8211; Region Occitanie<\/a> des 29 et 30 Aout 2020.<\/p>\n\n\n\n<p>Nous statuons que s&rsquo;il venait \u00e0 y avoir une interdiction venant des autorit\u00e9s (Covid ou autre) <img loading=\"lazy\" decoding=\"async\" width=\"16\" height=\"16\" alt=\"&#x1f641;\" src=\"https:\/\/static.xx.fbcdn.net\/images\/emoji.php\/v9\/tcb\/1\/16\/1f641.png\"> , nous proc\u00e9derions au remboursement \u00e0 100% ou \u00e0 un avoir sur 2021. Nous pouvons ceci car <a href=\"https:\/\/www.facebook.com\/LaRegionOccitaniePyreneesMediterranee\/?__cft__[0]=AZVk8tq5JxR5iecVKLEN_2ucgIkEshBPo6QWIwzvg9_jlauCWoIo84eglZyz5bUpOQQzNbUXL3aTTX3aP0xJssIOoy2mp7ae6YmoDuVxnw3fjWuQqRO1RCgedGTibIo9VndCseFxqo6LahKh98WVSN8A28sPUaEllB_kZxnGRVw-uA&amp;__tn__=kK-R\">La R\u00e9gion Occitanie \/ Pyr\u00e9n\u00e9es-M\u00e9diterran\u00e9e<\/a>, le <a href=\"https:\/\/www.facebook.com\/legard30\/?__cft__[0]=AZVk8tq5JxR5iecVKLEN_2ucgIkEshBPo6QWIwzvg9_jlauCWoIo84eglZyz5bUpOQQzNbUXL3aTTX3aP0xJssIOoy2mp7ae6YmoDuVxnw3fjWuQqRO1RCgedGTibIo9VndCseFxqo6LahKh98WVSN8A28sPUaEllB_kZxnGRVw-uA&amp;__tn__=kK-R\">D\u00e9partement du Gard<\/a>, le <a href=\"https:\/\/www.facebook.com\/DptLozere\/?__cft__[0]=AZVk8tq5JxR5iecVKLEN_2ucgIkEshBPo6QWIwzvg9_jlauCWoIo84eglZyz5bUpOQQzNbUXL3aTTX3aP0xJssIOoy2mp7ae6YmoDuVxnw3fjWuQqRO1RCgedGTibIo9VndCseFxqo6LahKh98WVSN8A28sPUaEllB_kZxnGRVw-uA&amp;__tn__=kK-R\">D\u00e9partement de la Loz\u00e8re<\/a>, <a href=\"https:\/\/www.facebook.com\/Communaut%C3%A9-de-Communes-des-Causses-Aigoual-C%C3%A9vennes-777179432447646\/?__cft__[0]=AZVk8tq5JxR5iecVKLEN_2ucgIkEshBPo6QWIwzvg9_jlauCWoIo84eglZyz5bUpOQQzNbUXL3aTTX3aP0xJssIOoy2mp7ae6YmoDuVxnw3fjWuQqRO1RCgedGTibIo9VndCseFxqo6LahKh98WVSN8A28sPUaEllB_kZxnGRVw-uA&amp;__tn__=kK-R\">Communaut\u00e9 de Communes des Causses Aigoual C\u00e9vennes<\/a>, .la <a href=\"https:\/\/www.facebook.com\/valdAigoual\/?__cft__[0]=AZVk8tq5JxR5iecVKLEN_2ucgIkEshBPo6QWIwzvg9_jlauCWoIo84eglZyz5bUpOQQzNbUXL3aTTX3aP0xJssIOoy2mp7ae6YmoDuVxnw3fjWuQqRO1RCgedGTibIo9VndCseFxqo6LahKh98WVSN8A28sPUaEllB_kZxnGRVw-uA&amp;__tn__=kK-R\">Mairie De Val-d&rsquo;Aigoual<\/a>, la <a href=\"https:\/\/www.facebook.com\/Mairie-de-Dourbies-411859239170975\/?__cft__[0]=AZVk8tq5JxR5iecVKLEN_2ucgIkEshBPo6QWIwzvg9_jlauCWoIo84eglZyz5bUpOQQzNbUXL3aTTX3aP0xJssIOoy2mp7ae6YmoDuVxnw3fjWuQqRO1RCgedGTibIo9VndCseFxqo6LahKh98WVSN8A28sPUaEllB_kZxnGRVw-uA&amp;__tn__=kK-R\">Mairie de Dourbies<\/a> et la Mairie de Camprieu .. nous ont assur\u00e9 de maintenir leur accompagnement&#8230; MERCI A EUX Plus sp\u00e9cifiquement pour la \u00a0\u00bbVTT&rsquo;AIGOUAL &#8211; R\u00e9gion Occitanie\u00a0\u00bb :<\/p>\n\n\n\n<ul class=\"wp-block-list\"><li>Un tout nouveau parcours XCO est sorti de terre !!! 6,00km dont 4,1 enti\u00e8rement nouveau. MERCI \u00e0 l&rsquo; <a href=\"https:\/\/www.facebook.com\/Officenationaldesforets\/?__cft__[0]=AZVk8tq5JxR5iecVKLEN_2ucgIkEshBPo6QWIwzvg9_jlauCWoIo84eglZyz5bUpOQQzNbUXL3aTTX3aP0xJssIOoy2mp7ae6YmoDuVxnw3fjWuQqRO1RCgedGTibIo9VndCseFxqo6LahKh98WVSN8A28sPUaEllB_kZxnGRVw-uA&amp;__tn__=kK-R\">Office national des for\u00eats<\/a> du Gard qui nous l&rsquo;a autoris\u00e9 car nous avons d\u00fb nous r\u00e9soudre \u00e0 organiser hors du territoire administratif du Parc National des C\u00e9vennes <img loading=\"lazy\" decoding=\"async\" width=\"16\" height=\"16\" alt=\"&#x1f641;\" src=\"https:\/\/static.xx.fbcdn.net\/images\/emoji.php\/v9\/tcb\/1\/16\/1f641.png\"> . Voir les photos des membres du <a href=\"https:\/\/www.facebook.com\/V%C3%A9lo-Club-Mont-Aigoual-Pays-Viganais-C%C3%A9vennes-155089274502500\/?__cft__[0]=AZVk8tq5JxR5iecVKLEN_2ucgIkEshBPo6QWIwzvg9_jlauCWoIo84eglZyz5bUpOQQzNbUXL3aTTX3aP0xJssIOoy2mp7ae6YmoDuVxnw3fjWuQqRO1RCgedGTibIo9VndCseFxqo6LahKh98WVSN8A28sPUaEllB_kZxnGRVw-uA&amp;__tn__=kK-R\">V\u00e9lo Club Mont Aigoual Pays Viganais C\u00e9vennes<\/a>, prises le weekend dernier qui a cl\u00f4tur\u00e9 cette cr\u00e9ation de sentiers.<\/li><li>Ce parcours va \u00eatre magnifique, il reste encore 1 mois pour qu&rsquo;il soit tass\u00e9, \u00a0\u00bbd\u00e9d\u00e9v\u00e9ris\u00e9 \u00a0\u00bb encore \u00e0 certains endroits et quelques am\u00e9liorations genre Bypass encore \u00e0 cr\u00e9er.<\/li><li>le programme est en cours de validation par le pr\u00e9sident du Jury de ce championnat r\u00e9gional du <a href=\"https:\/\/www.facebook.com\/OccitanieVelo\/?__cft__[0]=AZVk8tq5JxR5iecVKLEN_2ucgIkEshBPo6QWIwzvg9_jlauCWoIo84eglZyz5bUpOQQzNbUXL3aTTX3aP0xJssIOoy2mp7ae6YmoDuVxnw3fjWuQqRO1RCgedGTibIo9VndCseFxqo6LahKh98WVSN8A28sPUaEllB_kZxnGRVw-uA&amp;__tn__=kK-R\">Comit\u00e9 de Cyclisme d&rsquo;Occitanie FFC<\/a> OUVERT A TOUS. Nous pouvons vous dire, d\u00e9s \u00e0 pr\u00e9sent, que le d\u00e9part des 4 cat\u00e9gories de VTTAE ( H et D 18ans -49 ans &amp; 50 et +) est programm\u00e9 en dernier, vers 14H45, afin que tous ceux qui le veulent, puissent faire le championnat musculaire et VTTAE <img loading=\"lazy\" decoding=\"async\" width=\"16\" height=\"16\" alt=\"&#x1f642;\" src=\"https:\/\/static.xx.fbcdn.net\/images\/emoji.php\/v9\/t4c\/1\/16\/1f642.png\"> <\/li><li><a rel=\"noreferrer noopener\" href=\"https:\/\/l.facebook.com\/l.php?u=https%3A%2F%2Fwww.cyclaigoual-vtt-route.com%2Findex.php%2Fvtt%2F%3Ffbclid%3DIwAR2fJVYGJjVGMdnpgcDafzkcHMzDEeXqZiWX9xdvdAa82HwA9T5V-qYXhts&amp;h=AT36e_SBKtSC7KkfC-qMcVdwBw_U49WUL2d_HerQa6MdNXEXcOoGYcYyL1HgA26YUYVO3L_O2tApt4YDdnukGJIAytehuKCHnWiNKiRFSR1fQnLWQ6R7fYVp32ij7vcLiuiqHtjDqg&amp;__tn__=-UK-R&amp;c[0]=AT3sdQfANiGrU8rrcCYxvIyydyqbAhrnz1rlnlObUtu2-gM-Mu2s7giVa7Wg2QtSr5opg28uhDPenGX6LatuP6MdCZgdHdnR1P1r0VYZ7AUb9r_q3K_ElF7nFpKE6ToS0ILRFAEeESJbBPFkUqv1I0u6ga9p-p0u6QhYCCxxClOQAgPurGWtHNhFyuujOsE\" target=\"_blank\">https:\/\/www.cyclaigoual-vtt-route.com\/index.php\/vtt\/<\/a> pour t\u00e9l\u00e9charger les GPX de la boucle de lancement et du 6,00 Km. Un parcours de 4km est en cours de timing donc pas encore disponible. 97% du parcours est en for\u00eat publique g\u00e9r\u00e9e par l&rsquo;ONF, 2 petites portions restent en priv\u00e9 donc bien faire preuve de savoir vivre quand vous reconnaissez d\u00e9s demain si vous le voulez ( \u00e7a nous aidera \u00e0 \u00a0\u00bbtasser\u00a0\u00bb le parcours <img loading=\"lazy\" decoding=\"async\" width=\"16\" height=\"16\" alt=\"&#x1f642;\" src=\"https:\/\/static.xx.fbcdn.net\/images\/emoji.php\/v9\/t4c\/1\/16\/1f642.png\"> ) <\/li><li>Enfin, oui le challenge Route\/Vtt est au programme; Uniquement sur le 95km concernant la Cyclo et sur toutes les cat\u00e9s \u00e0 partir de 17 ans sur le VTT et&#8230; Y compris les VTTAE!!!<\/li><\/ul>\n\n\n\n<figure class=\"wp-block-image size-large\"><img decoding=\"async\" src=\"https:\/\/scontent-cdg2-1.xx.fbcdn.net\/v\/t1.0-9\/116435074_3137115439658033_8950266006699903969_o.jpg?_nc_cat=102&amp;_nc_sid=730e14&amp;_nc_ohc=jA8sAVMmVaQAX9gG6s7&amp;_nc_ht=scontent-cdg2-1.xx&amp;oh=f8e1b7e1d5f7ca0e875a8782588d9b18&amp;oe=5F59E3E8\" alt=\"\"\/><\/figure>\n\n\n\n<figure class=\"wp-block-image size-large\"><img decoding=\"async\" src=\"https:\/\/scontent-cdg2-1.xx.fbcdn.net\/v\/t1.0-9\/116342831_3137114459658131_2746434166508589508_o.jpg?_nc_cat=111&amp;_nc_sid=730e14&amp;_nc_ohc=xBLtXQbhPQkAX9ENRFZ&amp;_nc_ht=scontent-cdg2-1.xx&amp;oh=a1b697124abc51d5f498ab215d2e2d6a&amp;oe=5F599672\" alt=\"\"\/><\/figure>\n\n\n\n<figure class=\"wp-block-image size-large\"><img decoding=\"async\" src=\"https:\/\/scontent-cdg2-1.xx.fbcdn.net\/v\/t1.0-9\/116426593_3137114846324759_8252845294530078488_o.jpg?_nc_cat=111&amp;_nc_sid=730e14&amp;_nc_ohc=QQCVNBrleT8AX_VM1fq&amp;_nc_ht=scontent-cdg2-1.xx&amp;oh=7e913857f80c3b94cde0c04a01473791&amp;oe=5F57E250\" alt=\"\"\/><\/figure>\n\n\n\n<figure class=\"wp-block-image size-large\"><img decoding=\"async\" src=\"https:\/\/scontent-cdt1-1.xx.fbcdn.net\/v\/t1.0-9\/116431428_3137114962991414_3176620251457011736_o.jpg?_nc_cat=106&amp;_nc_sid=730e14&amp;_nc_ohc=i66rsjhKfPQAX98j5l1&amp;_nc_ht=scontent-cdt1-1.xx&amp;oh=4fd9a984b5b1e6575b0c81688be4cc27&amp;oe=5F5AB930\" alt=\"\"\/><\/figure>\n\n\n\n<figure class=\"wp-block-image size-large\"><img decoding=\"async\" src=\"https:\/\/scontent-cdg2-1.xx.fbcdn.net\/v\/t1.0-9\/116332518_3137115212991389_6832539097986711317_o.jpg?_nc_cat=107&amp;_nc_sid=730e14&amp;_nc_ohc=R_PxlnG47RoAX9_xr3n&amp;_nc_ht=scontent-cdg2-1.xx&amp;oh=df9017b1b1acf118d3e7aad4177d6295&amp;oe=5F59291A\" alt=\"\"\/><\/figure>\n\n\n\n<figure class=\"wp-block-image size-large\"><img decoding=\"async\" src=\"https:\/\/scontent-cdg2-1.xx.fbcdn.net\/v\/t1.0-9\/116374104_3137116312991279_1939415742778987944_o.jpg?_nc_cat=102&amp;_nc_sid=730e14&amp;_nc_ohc=OrsKUwvIXzYAX9l-Sc5&amp;_nc_ht=scontent-cdg2-1.xx&amp;oh=9160f4c9ae8e4cf109b3c170d0ec6441&amp;oe=5F58B296\" alt=\"\"\/><\/figure>\n\n\n\n<figure class=\"wp-block-image size-large\"><img decoding=\"async\" src=\"https:\/\/scontent-cdt1-1.xx.fbcdn.net\/v\/t1.0-9\/116433182_3137116386324605_6693233589196979832_o.jpg?_nc_cat=101&amp;_nc_sid=730e14&amp;_nc_ohc=kgkg3P876_IAX9Lta0k&amp;_nc_ht=scontent-cdt1-1.xx&amp;oh=73950370cd9a89875da26ae85f5ab7a4&amp;oe=5F57D195\" alt=\"\"\/><\/figure>\n","protected":false},"excerpt":{"rendered":"<p>Nous disions donc, que tous les feux \u00e9taient au vert concernant la Cyclo &amp; Vtt Aigoual &#8211; Region Occitanie des 29 et 30 Aout 2020. Nous statuons que s&rsquo;il venait \u00e0 y avoir une interdiction venant des autorit\u00e9s (Covid ou<\/p>\n","protected":false},"author":2,"featured_media":0,"comment_status":"open","ping_status":"open","sticky":false,"template":"","format":"standard","meta":{"footnotes":""},"categories":[1],"tags":[],"class_list":["post-1602","post","type-post","status-publish","format-standard","hentry","category-non-classe"],"_links":{"self":[{"href":"https:\/\/www.cyclaigoual-vtt-route.com\/index.php\/wp-json\/wp\/v2\/posts\/1602","targetHints":{"allow":["GET"]}}],"collection":[{"href":"https:\/\/www.cyclaigoual-vtt-route.com\/index.php\/wp-json\/wp\/v2\/posts"}],"about":[{"href":"https:\/\/www.cyclaigoual-vtt-route.com\/index.php\/wp-json\/wp\/v2\/types\/post"}],"author":[{"embeddable":true,"href":"https:\/\/www.cyclaigoual-vtt-route.com\/index.php\/wp-json\/wp\/v2\/users\/2"}],"replies":[{"embeddable":true,"href":"https:\/\/www.cyclaigoual-vtt-route.com\/index.php\/wp-json\/wp\/v2\/comments?post=1602"}],"version-history":[{"count":1,"href":"https:\/\/www.cyclaigoual-vtt-route.com\/index.php\/wp-json\/wp\/v2\/posts\/1602\/revisions"}],"predecessor-version":[{"id":1603,"href":"https:\/\/www.cyclaigoual-vtt-route.com\/index.php\/wp-json\/wp\/v2\/posts\/1602\/revisions\/1603"}],"wp:attachment":[{"href":"https:\/\/www.cyclaigoual-vtt-route.com\/index.php\/wp-json\/wp\/v2\/media?parent=1602"}],"wp:term":[{"taxonomy":"category","embeddable":true,"href":"https:\/\/www.cyclaigoual-vtt-route.com\/index.php\/wp-json\/wp\/v2\/categories?post=1602"},{"taxonomy":"post_tag","embeddable":true,"href":"https:\/\/www.cyclaigoual-vtt-route.com\/index.php\/wp-json\/wp\/v2\/tags?post=1602"}],"curies":[{"name":"wp","href":"https:\/\/api.w.org\/{rel}","templated":true}]}}